{"id":1805,"date":"2017-05-29T20:25:39","date_gmt":"2017-05-29T19:25:39","guid":{"rendered":"http:\/\/www.allaryia.com\/pearnon\/?p=1805"},"modified":"2017-05-29T20:25:39","modified_gmt":"2017-05-29T19:25:39","slug":"feira-do-livro-de-lisboa-2017","status":"publish","type":"post","link":"https:\/\/www.allaryia.com\/pearnon\/2017\/05\/29\/feira-do-livro-de-lisboa-2017\/","title":{"rendered":"Feira do Livro de Lisboa 2017"},"content":{"rendered":"<p>Mais um ano mais uma feira do livro, aus\u00eancia prolongada, <em>mea culpa <\/em>da praxe, etc. J\u00e1 sabem como \u00e9.<\/p>\n<p>Estarei presente na Feira do Livro de Lisboa nos s\u00e1bados de 3 e 17 de junho, \u00e0s 18h, pela fresquinha e na companhia dos indefect\u00edveis Rafael Loureiro e Sandra Carvalho. N\u00e3o terei livro novo a apresentar (isso s\u00f3 l\u00e1 para a BD Amadora ou Comic Con no final de 2017), mas l\u00e1 estarei com a habitual boa disposi\u00e7\u00e3o em nada condizente com a indument\u00e1ria ainda menos condizente com a esta\u00e7\u00e3o do ano. Espero ver-vos por l\u00e1, at\u00e9 porque, se n\u00e3o forem, vou comer p\u00f3 da Sandra, que ela vai lan\u00e7ar o seu novo livro &#8211; e a \u00fanica criatura cujo p\u00f3 me resignei a comer \u00e9 o Geronimo Stilton.<\/p>\n<p>Quanto ao resto, pouco mudou desde a j\u00e1 distante \u00faltima entrada. Continuo a fazer malabarismo com uma s\u00e9rie de projectos, e j\u00e1 deu para perceber que o meu n\u00edvel de produtividade decai com isso. Habituei-me mal com o meu ritmo de escrita nos anos de Allaryia, e tenho tido alguma dificuldade em lidar com esta nova realidade de dividir o dia em tempo de tradu\u00e7\u00e3o e tempo de criatividade, e ter o tempo de criatividade mais segmentado que o exoesqueleto de um bicho-da-conta. Mas l\u00e1 chegarei.<\/p>\n","protected":false},"excerpt":{"rendered":"<p>Mais um ano mais uma feira do livro, aus\u00eancia prolongada, mea culpa da praxe, etc. J\u00e1 sabem como \u00e9. Estarei presente na Feira do Livro de Lisboa nos s\u00e1bados de 3 e 17 de junho, \u00e0s 18h, pela fresquinha e na companhia dos indefect\u00edveis Rafael Loureiro e Sandra Carvalho. N\u00e3o terei livro novo a apresentar [&hellip;]<\/p>\n","protected":false},"author":1,"featured_media":0,"comment_status":"closed","ping_status":"closed","sticky":false,"template":"","format":"standard","meta":{"site-sidebar-layout":"default","site-content-layout":"","ast-site-content-layout":"default","site-content-style":"default","site-sidebar-style":"default","ast-global-header-display":"","ast-banner-title-visibility":"","ast-main-header-display":"","ast-hfb-above-header-display":"","ast-hfb-below-header-display":"","ast-hfb-mobile-header-display":"","site-post-title":"","ast-breadcrumbs-content":"","ast-featured-img":"","footer-sml-layout":"","ast-disable-related-posts":"","theme-transparent-header-meta":"","adv-header-id-meta":"","stick-header-meta":"","header-above-stick-meta":"","header-main-stick-meta":"","header-below-stick-meta":"","astra-migrate-meta-layouts":"default","ast-page-background-enabled":"default","ast-page-background-meta":{"desktop":{"background-color":"","background-image":"","background-repeat":"repeat","background-position":"center center","background-size":"auto","background-attachment":"scroll","background-type":"","background-media":"","overlay-type":"","overlay-color":"","overlay-opacity":"","overlay-gradient":""},"tablet":{"background-color":"","background-image":"","background-repeat":"repeat","background-position":"center center","background-size":"auto","background-attachment":"scroll","background-type":"","background-media":"","overlay-type":"","overlay-color":"","overlay-opacity":"","overlay-gradient":""},"mobile":{"background-color":"","background-image":"","background-repeat":"repeat","background-position":"center center","background-size":"auto","background-attachment":"scroll","background-type":"","background-media":"","overlay-type":"","overlay-color":"","overlay-opacity":"","overlay-gradient":""}},"ast-content-background-meta":{"desktop":{"background-color":"var(--ast-global-color-5)","background-image":"","background-repeat":"repeat","background-position":"center center","background-size":"auto","background-attachment":"scroll","background-type":"","background-media":"","overlay-type":"","overlay-color":"","overlay-opacity":"","overlay-gradient":""},"tablet":{"background-color":"var(--ast-global-color-5)","background-image":"","background-repeat":"repeat","background-position":"center center","background-size":"auto","background-attachment":"scroll","background-type":"","background-media":"","overlay-type":"","overlay-color":"","overlay-opacity":"","overlay-gradient":""},"mobile":{"background-color":"var(--ast-global-color-5)","background-image":"","background-repeat":"repeat","background-position":"center center","background-size":"auto","background-attachment":"scroll","background-type":"","background-media":"","overlay-type":"","overlay-color":"","overlay-opacity":"","overlay-gradient":""}},"footnotes":""},"categories":[8],"tags":[],"class_list":["post-1805","post","type-post","status-publish","format-standard","hentry","category-ao-vivo"],"_links":{"self":[{"href":"https:\/\/www.allaryia.com\/pearnon\/wp-json\/wp\/v2\/posts\/1805","targetHints":{"allow":["GET"]}}],"collection":[{"href":"https:\/\/www.allaryia.com\/pearnon\/wp-json\/wp\/v2\/posts"}],"about":[{"href":"https:\/\/www.allaryia.com\/pearnon\/wp-json\/wp\/v2\/types\/post"}],"author":[{"embeddable":true,"href":"https:\/\/www.allaryia.com\/pearnon\/wp-json\/wp\/v2\/users\/1"}],"replies":[{"embeddable":true,"href":"https:\/\/www.allaryia.com\/pearnon\/wp-json\/wp\/v2\/comments?post=1805"}],"version-history":[{"count":0,"href":"https:\/\/www.allaryia.com\/pearnon\/wp-json\/wp\/v2\/posts\/1805\/revisions"}],"wp:attachment":[{"href":"https:\/\/www.allaryia.com\/pearnon\/wp-json\/wp\/v2\/media?parent=1805"}],"wp:term":[{"taxonomy":"category","embeddable":true,"href":"https:\/\/www.allaryia.com\/pearnon\/wp-json\/wp\/v2\/categories?post=1805"},{"taxonomy":"post_tag","embeddable":true,"href":"https:\/\/www.allaryia.com\/pearnon\/wp-json\/wp\/v2\/tags?post=1805"}],"curies":[{"name":"wp","href":"https:\/\/api.w.org\/{rel}","templated":true}]}}